{"id":465,"date":"2021-10-28T07:20:55","date_gmt":"2021-10-28T07:20:55","guid":{"rendered":"https:\/\/www.arcapower.com\/larca-arrive-en-colombie-et-suscite-linteret-des-institutions-et-des-medias\/"},"modified":"2024-03-07T13:06:39","modified_gmt":"2024-03-07T13:06:39","slug":"larca-arrive-en-colombie-et-suscite-linteret-des-institutions-et-des-medias","status":"publish","type":"post","link":"https:\/\/www.arcapower.com\/fr\/larca-arrive-en-colombie-et-suscite-linteret-des-institutions-et-des-medias\/","title":{"rendered":"L&rsquo;ARCA arrive en Colombie et suscite l&rsquo;int\u00e9r\u00eat des institutions et des m\u00e9dias"},"content":{"rendered":"\n<p>Le g\u00e9n\u00e9rateur solaire ARCA a d\u00e9j\u00e0 atterri en Colombie o\u00f9, les 28 et 29 octobre, il sera pr\u00e9sent\u00e9 en exclusivit\u00e9 \u00e0 diff\u00e9rentes institutions afin de d\u00e9montrer ses <strong>grandes capacit\u00e9s \u00e0 lutter contre l&rsquo;exclusion de l&rsquo;\u00e9lectricit\u00e9 dans les zones non interconnect\u00e9es<\/strong>.<\/p>\n\n<p>Tout est d\u00e9sormais pr\u00eat \u00e0 l&rsquo;h\u00f4tel W de Bogota, o\u00f9 une \u00e9quipe compos\u00e9e de membres de Solartia et d&rsquo;IED, cr\u00e9ateurs de ce produit innovant, d\u00e9montrera in situ les fonctionnalit\u00e9s de ce g\u00e9n\u00e9rateur solaire : robustesse, faible maintenance, s\u00e9curit\u00e9, facilit\u00e9 d&rsquo;installation&#8230;<\/p>\n\n<p>Mais <strong>ARCA n&rsquo;est pas seulement un g\u00e9n\u00e9rateur avec stockage, c&rsquo;est aussi un syst\u00e8me d&rsquo;information<\/strong>, car il est con\u00e7u pour communiquer avec l&rsquo;utilisateur final et surveiller le comportement humain, des aspects que nous consid\u00e9rons comme essentiels dans ces zones non interconnect\u00e9es\u00a0\u00bb, explique I\u00f1igo Ayerra, PDG d&rsquo;IED.<\/p>\n\n<p>La capacit\u00e9 d&rsquo;ARCA \u00e0 offrir une <strong>solution alternative pour favoriser l&rsquo;acc\u00e8s \u00e0 l&rsquo;\u00e9nergie<\/strong> a suscit\u00e9 un grand int\u00e9r\u00eat m\u00e9diatique en Colombie, o\u00f9 les principaux m\u00e9dias du pays se sont fait l&rsquo;\u00e9cho de cette pr\u00e9sentation et ont r\u00e9alis\u00e9 des reportages approfondis sur l&rsquo;origine et les capacit\u00e9s d&rsquo;ARCA.<\/p>\n\n<p>Voici quelques interviews r\u00e9alis\u00e9es par Emilio Mendivil, PDG de Solartia, et I\u00f1igo Ayerra, PDG d&rsquo;IED :<\/p>\n\n<p><a href=\"https:\/\/www.larepublica.co\/empresas\/solartia-lanzara-dispositivo-solar-para-generacion-de-energia-en-zonas-apartadas-3238550\" target=\"_blank\" rel=\"noreferrer noopener\">La R\u00e9publique<\/a><br\/><a href=\"https:\/\/iedelectronics-my.sharepoint.com\/personal\/mgarin_iedcompany_com\/Documents\/Comunicaci%C3%B3n\/IED%20GREENPOWER\/Nueva%20marca\/Arca%20lleva%20energ%C3%ADa%20a%20zonas%20remotas%20%7C%20Empresas%20%7C%20Negocios%20%7C%20Portafolio\" target=\"_blank\" rel=\"noreferrer noopener\">Le portefeuille<\/a><br\/><a href=\"https:\/\/youtu.be\/etJqJ1G6p7Y\" target=\"_blank\" rel=\"noreferrer noopener\">NTN24<\/a><\/p>\n\n<p>Pour les deux entreprises, la Colombie est le pays id\u00e9al pour permettre \u00e0 ARCA de tirer pleinement parti de ses capacit\u00e9s, car il s&rsquo;agit d&rsquo;un environnement o\u00f9 des zones non interconnect\u00e9es sont situ\u00e9es dans une orographie complexe. \u00ab\u00a0Nous sommes convaincus qu&rsquo;il donnera un coup de pouce en termes d&rsquo;am\u00e9lioration de l&rsquo;acc\u00e8s \u00e0 l&rsquo;\u00e9nergie pour ces personnes, qui verront sans aucun doute leur qualit\u00e9 de vie s&rsquo;am\u00e9liorer. De plus, nous pensons qu&rsquo;ARCA contribuera \u00e0 r\u00e9duire la pauvret\u00e9, \u00e0 pr\u00e9server l&rsquo;environnement et m\u00eame \u00e0 promouvoir l&rsquo;\u00e9galit\u00e9 des sexes\u00a0\u00bb, d\u00e9clare Emilio Mend\u00edvil.<\/p>\n","protected":false},"excerpt":{"rendered":"<p>Le g\u00e9n\u00e9rateur solaire ARCA a d\u00e9j\u00e0 atterri en Colombie o\u00f9, [&hellip;]<\/p>\n","protected":false},"author":6,"featured_media":419,"comment_status":"closed","ping_status":"closed","sticky":false,"template":"","format":"standard","meta":{"footnotes":""},"categories":[12],"tags":[],"acf":[],"yoast_head":"<!-- This site is optimized with the Yoast SEO plugin v21.9.1 - https:\/\/yoast.com\/wordpress\/plugins\/seo\/ -->\n<title>L&#039;ARCA arrive en Colombie et suscite l&#039;int\u00e9r\u00eat des institutions et des m\u00e9dias - ARCA Power<\/title>\n<meta name=\"robots\" content=\"index, follow, max-snippet:-1, max-image-preview:large, max-video-preview:-1\" \/>\n<link rel=\"canonical\" href=\"https:\/\/www.arcapower.com\/fr\/larca-arrive-en-colombie-et-suscite-linteret-des-institutions-et-des-medias\/\" \/>\n<meta property=\"og:locale\" content=\"fr_FR\" \/>\n<meta property=\"og:type\" content=\"article\" \/>\n<meta property=\"og:title\" content=\"L&#039;ARCA arrive en Colombie et suscite l&#039;int\u00e9r\u00eat des institutions et des m\u00e9dias - ARCA Power\" \/>\n<meta property=\"og:description\" content=\"Le g\u00e9n\u00e9rateur solaire ARCA a d\u00e9j\u00e0 atterri en Colombie o\u00f9, [&hellip;]\" \/>\n<meta property=\"og:url\" content=\"https:\/\/www.arcapower.com\/fr\/larca-arrive-en-colombie-et-suscite-linteret-des-institutions-et-des-medias\/\" \/>\n<meta property=\"og:site_name\" content=\"ARCA Power\" \/>\n<meta property=\"article:published_time\" content=\"2021-10-28T07:20:55+00:00\" \/>\n<meta property=\"article:modified_time\" content=\"2024-03-07T13:06:39+00:00\" \/>\n<meta property=\"og:image\" content=\"https:\/\/www.arcapower.com\/wp-content\/uploads\/2021\/10\/stand.jpeg\" \/>\n\t<meta property=\"og:image:width\" content=\"1407\" \/>\n\t<meta property=\"og:image:height\" content=\"1600\" \/>\n\t<meta property=\"og:image:type\" content=\"image\/jpeg\" \/>\n<meta name=\"author\" content=\"Arca Power\" \/>\n<meta name=\"twitter:card\" content=\"summary_large_image\" \/>\n<meta name=\"twitter:label1\" content=\"Written by\" \/>\n\t<meta name=\"twitter:data1\" content=\"Arca Power\" \/>\n\t<meta name=\"twitter:label2\" content=\"Est. reading time\" \/>\n\t<meta name=\"twitter:data2\" content=\"2 minutes\" \/>\n<script type=\"application\/ld+json\" class=\"yoast-schema-graph\">{\"@context\":\"https:\/\/schema.org\",\"@graph\":[{\"@type\":\"WebPage\",\"@id\":\"https:\/\/www.arcapower.com\/fr\/larca-arrive-en-colombie-et-suscite-linteret-des-institutions-et-des-medias\/\",\"url\":\"https:\/\/www.arcapower.com\/fr\/larca-arrive-en-colombie-et-suscite-linteret-des-institutions-et-des-medias\/\",\"name\":\"L'ARCA arrive en Colombie et suscite l'int\u00e9r\u00eat des institutions et des m\u00e9dias - ARCA Power\",\"isPartOf\":{\"@id\":\"https:\/\/www.arcapower.com\/#website\"},\"datePublished\":\"2021-10-28T07:20:55+00:00\",\"dateModified\":\"2024-03-07T13:06:39+00:00\",\"author\":{\"@id\":\"https:\/\/www.arcapower.com\/#\/schema\/person\/7f87e934a68ac824f21011f3f34beb75\"},\"breadcrumb\":{\"@id\":\"https:\/\/www.arcapower.com\/fr\/larca-arrive-en-colombie-et-suscite-linteret-des-institutions-et-des-medias\/#breadcrumb\"},\"inLanguage\":\"fr-FR\",\"potentialAction\":[{\"@type\":\"ReadAction\",\"target\":[\"https:\/\/www.arcapower.com\/fr\/larca-arrive-en-colombie-et-suscite-linteret-des-institutions-et-des-medias\/\"]}]},{\"@type\":\"BreadcrumbList\",\"@id\":\"https:\/\/www.arcapower.com\/fr\/larca-arrive-en-colombie-et-suscite-linteret-des-institutions-et-des-medias\/#breadcrumb\",\"itemListElement\":[{\"@type\":\"ListItem\",\"position\":1,\"name\":\"Portada\",\"item\":\"https:\/\/www.arcapower.com\/fr\/\"},{\"@type\":\"ListItem\",\"position\":2,\"name\":\"L&#8217;ARCA arrive en Colombie et suscite l&#8217;int\u00e9r\u00eat des institutions et des m\u00e9dias\"}]},{\"@type\":\"WebSite\",\"@id\":\"https:\/\/www.arcapower.com\/#website\",\"url\":\"https:\/\/www.arcapower.com\/\",\"name\":\"ARCA Power\",\"description\":\"Energ\u00eda inclusiva para el desarrollo\",\"potentialAction\":[{\"@type\":\"SearchAction\",\"target\":{\"@type\":\"EntryPoint\",\"urlTemplate\":\"https:\/\/www.arcapower.com\/?s={search_term_string}\"},\"query-input\":\"required name=search_term_string\"}],\"inLanguage\":\"fr-FR\"},{\"@type\":\"Person\",\"@id\":\"https:\/\/www.arcapower.com\/#\/schema\/person\/7f87e934a68ac824f21011f3f34beb75\",\"name\":\"Arca Power\"}]}<\/script>\n<!-- \/ Yoast SEO plugin. -->","yoast_head_json":{"title":"L'ARCA arrive en Colombie et suscite l'int\u00e9r\u00eat des institutions et des m\u00e9dias - ARCA Power","robots":{"index":"index","follow":"follow","max-snippet":"max-snippet:-1","max-image-preview":"max-image-preview:large","max-video-preview":"max-video-preview:-1"},"canonical":"https:\/\/www.arcapower.com\/fr\/larca-arrive-en-colombie-et-suscite-linteret-des-institutions-et-des-medias\/","og_locale":"fr_FR","og_type":"article","og_title":"L'ARCA arrive en Colombie et suscite l'int\u00e9r\u00eat des institutions et des m\u00e9dias - ARCA Power","og_description":"Le g\u00e9n\u00e9rateur solaire ARCA a d\u00e9j\u00e0 atterri en Colombie o\u00f9, [&hellip;]","og_url":"https:\/\/www.arcapower.com\/fr\/larca-arrive-en-colombie-et-suscite-linteret-des-institutions-et-des-medias\/","og_site_name":"ARCA Power","article_published_time":"2021-10-28T07:20:55+00:00","article_modified_time":"2024-03-07T13:06:39+00:00","og_image":[{"width":1407,"height":1600,"url":"https:\/\/www.arcapower.com\/wp-content\/uploads\/2021\/10\/stand.jpeg","type":"image\/jpeg"}],"author":"Arca Power","twitter_card":"summary_large_image","twitter_misc":{"Written by":"Arca Power","Est. reading time":"2 minutes"},"schema":{"@context":"https:\/\/schema.org","@graph":[{"@type":"WebPage","@id":"https:\/\/www.arcapower.com\/fr\/larca-arrive-en-colombie-et-suscite-linteret-des-institutions-et-des-medias\/","url":"https:\/\/www.arcapower.com\/fr\/larca-arrive-en-colombie-et-suscite-linteret-des-institutions-et-des-medias\/","name":"L'ARCA arrive en Colombie et suscite l'int\u00e9r\u00eat des institutions et des m\u00e9dias - ARCA Power","isPartOf":{"@id":"https:\/\/www.arcapower.com\/#website"},"datePublished":"2021-10-28T07:20:55+00:00","dateModified":"2024-03-07T13:06:39+00:00","author":{"@id":"https:\/\/www.arcapower.com\/#\/schema\/person\/7f87e934a68ac824f21011f3f34beb75"},"breadcrumb":{"@id":"https:\/\/www.arcapower.com\/fr\/larca-arrive-en-colombie-et-suscite-linteret-des-institutions-et-des-medias\/#breadcrumb"},"inLanguage":"fr-FR","potentialAction":[{"@type":"ReadAction","target":["https:\/\/www.arcapower.com\/fr\/larca-arrive-en-colombie-et-suscite-linteret-des-institutions-et-des-medias\/"]}]},{"@type":"BreadcrumbList","@id":"https:\/\/www.arcapower.com\/fr\/larca-arrive-en-colombie-et-suscite-linteret-des-institutions-et-des-medias\/#breadcrumb","itemListElement":[{"@type":"ListItem","position":1,"name":"Portada","item":"https:\/\/www.arcapower.com\/fr\/"},{"@type":"ListItem","position":2,"name":"L&#8217;ARCA arrive en Colombie et suscite l&#8217;int\u00e9r\u00eat des institutions et des m\u00e9dias"}]},{"@type":"WebSite","@id":"https:\/\/www.arcapower.com\/#website","url":"https:\/\/www.arcapower.com\/","name":"ARCA Power","description":"Energ\u00eda inclusiva para el desarrollo","potentialAction":[{"@type":"SearchAction","target":{"@type":"EntryPoint","urlTemplate":"https:\/\/www.arcapower.com\/?s={search_term_string}"},"query-input":"required name=search_term_string"}],"inLanguage":"fr-FR"},{"@type":"Person","@id":"https:\/\/www.arcapower.com\/#\/schema\/person\/7f87e934a68ac824f21011f3f34beb75","name":"Arca Power"}]}},"_links":{"self":[{"href":"https:\/\/www.arcapower.com\/fr\/wp-json\/wp\/v2\/posts\/465"}],"collection":[{"href":"https:\/\/www.arcapower.com\/fr\/wp-json\/wp\/v2\/posts"}],"about":[{"href":"https:\/\/www.arcapower.com\/fr\/wp-json\/wp\/v2\/types\/post"}],"author":[{"embeddable":true,"href":"https:\/\/www.arcapower.com\/fr\/wp-json\/wp\/v2\/users\/6"}],"replies":[{"embeddable":true,"href":"https:\/\/www.arcapower.com\/fr\/wp-json\/wp\/v2\/comments?post=465"}],"version-history":[{"count":1,"href":"https:\/\/www.arcapower.com\/fr\/wp-json\/wp\/v2\/posts\/465\/revisions"}],"predecessor-version":[{"id":470,"href":"https:\/\/www.arcapower.com\/fr\/wp-json\/wp\/v2\/posts\/465\/revisions\/470"}],"wp:featuredmedia":[{"embeddable":true,"href":"https:\/\/www.arcapower.com\/fr\/wp-json\/wp\/v2\/media\/419"}],"wp:attachment":[{"href":"https:\/\/www.arcapower.com\/fr\/wp-json\/wp\/v2\/media?parent=465"}],"wp:term":[{"taxonomy":"category","embeddable":true,"href":"https:\/\/www.arcapower.com\/fr\/wp-json\/wp\/v2\/categories?post=465"},{"taxonomy":"post_tag","embeddable":true,"href":"https:\/\/www.arcapower.com\/fr\/wp-json\/wp\/v2\/tags?post=465"}],"curies":[{"name":"wp","href":"https:\/\/api.w.org\/{rel}","templated":true}]}}