{"id":455,"date":"2021-08-02T11:54:00","date_gmt":"2021-08-02T11:54:00","guid":{"rendered":"https:\/\/www.arcapower.com\/projet-arca-2-0-notre-espace-de-communication-avec-le-monde\/"},"modified":"2024-03-07T13:06:35","modified_gmt":"2024-03-07T13:06:35","slug":"projet-arca-2-0-notre-espace-de-communication-avec-le-monde","status":"publish","type":"post","link":"https:\/\/www.arcapower.com\/fr\/projet-arca-2-0-notre-espace-de-communication-avec-le-monde\/","title":{"rendered":"Projet Arca 2.0, notre espace de communication avec le monde"},"content":{"rendered":"\n<p>La r\u00e9volution num\u00e9rique dans laquelle la plan\u00e8te est plong\u00e9e est notre r\u00e9volution. \u00c0 l&rsquo;<strong>ARCA<\/strong>, nous croyons aux personnes et c&rsquo;est pourquoi nous n&rsquo;avons jamais pens\u00e9 que la distance \u00e9tait une cause de s\u00e9paration dans le monde.<\/p>\n\n<p>En fait, nous travaillons dans ce sens depuis quelques mois, au cours desquels nous avons con\u00e7u notre nouvelle marque, que nous avons int\u00e9gr\u00e9e dans nos coffres et, bien s\u00fbr, tatou\u00e9e sur notre peau.  <\/p>\n\n<p>Cet espace virtuel de communication est pour nous plus qu&rsquo;un site web, il devient d\u00e8s aujourd&rsquo;hui notre canal de rencontre avec le monde, avec vous, avec vous.  <\/p>\n\n<p>Ce site est la base de nos man\u0153uvres et notre outil de travail.  <\/p>\n\n<p>Nous vous invitons \u00e0 participer \u00e0 notre projet et \u00e0 en savoir plus. Contactez notre \u00e9quipe, demandez une r\u00e9union en ligne et apprenez-en plus sur l&rsquo;<strong>ARCA<\/strong> et notre concept de travail : \u00ab\u00a0l&rsquo;\u00e9nergie inclusive\u00a0\u00bb. <strong>\n  <em>L&rsquo;\u00e9nergie inclusive<\/em>\n<\/strong>.<\/p>\n","protected":false},"excerpt":{"rendered":"<p>La r\u00e9volution num\u00e9rique dans laquelle la plan\u00e8te est plong\u00e9e est [&hellip;]<\/p>\n","protected":false},"author":6,"featured_media":409,"comment_status":"closed","ping_status":"closed","sticky":false,"template":"","format":"standard","meta":{"footnotes":""},"categories":[12],"tags":[],"acf":[],"yoast_head":"<!-- This site is optimized with the Yoast SEO plugin v21.9.1 - https:\/\/yoast.com\/wordpress\/plugins\/seo\/ -->\n<title>Projet Arca 2.0, notre espace de communication avec le monde - ARCA Power<\/title>\n<meta name=\"robots\" content=\"index, follow, max-snippet:-1, max-image-preview:large, max-video-preview:-1\" \/>\n<link rel=\"canonical\" href=\"https:\/\/www.arcapower.com\/fr\/projet-arca-2-0-notre-espace-de-communication-avec-le-monde\/\" \/>\n<meta property=\"og:locale\" content=\"fr_FR\" \/>\n<meta property=\"og:type\" content=\"article\" \/>\n<meta property=\"og:title\" content=\"Projet Arca 2.0, notre espace de communication avec le monde - ARCA Power\" \/>\n<meta property=\"og:description\" content=\"La r\u00e9volution num\u00e9rique dans laquelle la plan\u00e8te est plong\u00e9e est [&hellip;]\" \/>\n<meta property=\"og:url\" content=\"https:\/\/www.arcapower.com\/fr\/projet-arca-2-0-notre-espace-de-communication-avec-le-monde\/\" \/>\n<meta property=\"og:site_name\" content=\"ARCA Power\" \/>\n<meta property=\"article:published_time\" content=\"2021-08-02T11:54:00+00:00\" \/>\n<meta property=\"article:modified_time\" content=\"2024-03-07T13:06:35+00:00\" \/>\n<meta property=\"og:image\" content=\"https:\/\/www.arcapower.com\/wp-content\/uploads\/2021\/08\/arca.jpg\" \/>\n\t<meta property=\"og:image:width\" content=\"1000\" \/>\n\t<meta property=\"og:image:height\" content=\"1200\" \/>\n\t<meta property=\"og:image:type\" content=\"image\/jpeg\" \/>\n<meta name=\"author\" content=\"Arca Power\" \/>\n<meta name=\"twitter:card\" content=\"summary_large_image\" \/>\n<meta name=\"twitter:label1\" content=\"Written by\" \/>\n\t<meta name=\"twitter:data1\" content=\"Arca Power\" \/>\n\t<meta name=\"twitter:label2\" content=\"Est. reading time\" \/>\n\t<meta name=\"twitter:data2\" content=\"1 minute\" \/>\n<script type=\"application\/ld+json\" class=\"yoast-schema-graph\">{\"@context\":\"https:\/\/schema.org\",\"@graph\":[{\"@type\":\"WebPage\",\"@id\":\"https:\/\/www.arcapower.com\/fr\/projet-arca-2-0-notre-espace-de-communication-avec-le-monde\/\",\"url\":\"https:\/\/www.arcapower.com\/fr\/projet-arca-2-0-notre-espace-de-communication-avec-le-monde\/\",\"name\":\"Projet Arca 2.0, notre espace de communication avec le monde - ARCA Power\",\"isPartOf\":{\"@id\":\"https:\/\/www.arcapower.com\/#website\"},\"datePublished\":\"2021-08-02T11:54:00+00:00\",\"dateModified\":\"2024-03-07T13:06:35+00:00\",\"author\":{\"@id\":\"https:\/\/www.arcapower.com\/#\/schema\/person\/7f87e934a68ac824f21011f3f34beb75\"},\"breadcrumb\":{\"@id\":\"https:\/\/www.arcapower.com\/fr\/projet-arca-2-0-notre-espace-de-communication-avec-le-monde\/#breadcrumb\"},\"inLanguage\":\"fr-FR\",\"potentialAction\":[{\"@type\":\"ReadAction\",\"target\":[\"https:\/\/www.arcapower.com\/fr\/projet-arca-2-0-notre-espace-de-communication-avec-le-monde\/\"]}]},{\"@type\":\"BreadcrumbList\",\"@id\":\"https:\/\/www.arcapower.com\/fr\/projet-arca-2-0-notre-espace-de-communication-avec-le-monde\/#breadcrumb\",\"itemListElement\":[{\"@type\":\"ListItem\",\"position\":1,\"name\":\"Portada\",\"item\":\"https:\/\/www.arcapower.com\/fr\/\"},{\"@type\":\"ListItem\",\"position\":2,\"name\":\"Projet Arca 2.0, notre espace de communication avec le monde\"}]},{\"@type\":\"WebSite\",\"@id\":\"https:\/\/www.arcapower.com\/#website\",\"url\":\"https:\/\/www.arcapower.com\/\",\"name\":\"ARCA Power\",\"description\":\"Energ\u00eda inclusiva para el desarrollo\",\"potentialAction\":[{\"@type\":\"SearchAction\",\"target\":{\"@type\":\"EntryPoint\",\"urlTemplate\":\"https:\/\/www.arcapower.com\/?s={search_term_string}\"},\"query-input\":\"required name=search_term_string\"}],\"inLanguage\":\"fr-FR\"},{\"@type\":\"Person\",\"@id\":\"https:\/\/www.arcapower.com\/#\/schema\/person\/7f87e934a68ac824f21011f3f34beb75\",\"name\":\"Arca Power\"}]}<\/script>\n<!-- \/ Yoast SEO plugin. -->","yoast_head_json":{"title":"Projet Arca 2.0, notre espace de communication avec le monde - ARCA Power","robots":{"index":"index","follow":"follow","max-snippet":"max-snippet:-1","max-image-preview":"max-image-preview:large","max-video-preview":"max-video-preview:-1"},"canonical":"https:\/\/www.arcapower.com\/fr\/projet-arca-2-0-notre-espace-de-communication-avec-le-monde\/","og_locale":"fr_FR","og_type":"article","og_title":"Projet Arca 2.0, notre espace de communication avec le monde - ARCA Power","og_description":"La r\u00e9volution num\u00e9rique dans laquelle la plan\u00e8te est plong\u00e9e est [&hellip;]","og_url":"https:\/\/www.arcapower.com\/fr\/projet-arca-2-0-notre-espace-de-communication-avec-le-monde\/","og_site_name":"ARCA Power","article_published_time":"2021-08-02T11:54:00+00:00","article_modified_time":"2024-03-07T13:06:35+00:00","og_image":[{"width":1000,"height":1200,"url":"https:\/\/www.arcapower.com\/wp-content\/uploads\/2021\/08\/arca.jpg","type":"image\/jpeg"}],"author":"Arca Power","twitter_card":"summary_large_image","twitter_misc":{"Written by":"Arca Power","Est. reading time":"1 minute"},"schema":{"@context":"https:\/\/schema.org","@graph":[{"@type":"WebPage","@id":"https:\/\/www.arcapower.com\/fr\/projet-arca-2-0-notre-espace-de-communication-avec-le-monde\/","url":"https:\/\/www.arcapower.com\/fr\/projet-arca-2-0-notre-espace-de-communication-avec-le-monde\/","name":"Projet Arca 2.0, notre espace de communication avec le monde - ARCA Power","isPartOf":{"@id":"https:\/\/www.arcapower.com\/#website"},"datePublished":"2021-08-02T11:54:00+00:00","dateModified":"2024-03-07T13:06:35+00:00","author":{"@id":"https:\/\/www.arcapower.com\/#\/schema\/person\/7f87e934a68ac824f21011f3f34beb75"},"breadcrumb":{"@id":"https:\/\/www.arcapower.com\/fr\/projet-arca-2-0-notre-espace-de-communication-avec-le-monde\/#breadcrumb"},"inLanguage":"fr-FR","potentialAction":[{"@type":"ReadAction","target":["https:\/\/www.arcapower.com\/fr\/projet-arca-2-0-notre-espace-de-communication-avec-le-monde\/"]}]},{"@type":"BreadcrumbList","@id":"https:\/\/www.arcapower.com\/fr\/projet-arca-2-0-notre-espace-de-communication-avec-le-monde\/#breadcrumb","itemListElement":[{"@type":"ListItem","position":1,"name":"Portada","item":"https:\/\/www.arcapower.com\/fr\/"},{"@type":"ListItem","position":2,"name":"Projet Arca 2.0, notre espace de communication avec le monde"}]},{"@type":"WebSite","@id":"https:\/\/www.arcapower.com\/#website","url":"https:\/\/www.arcapower.com\/","name":"ARCA Power","description":"Energ\u00eda inclusiva para el desarrollo","potentialAction":[{"@type":"SearchAction","target":{"@type":"EntryPoint","urlTemplate":"https:\/\/www.arcapower.com\/?s={search_term_string}"},"query-input":"required name=search_term_string"}],"inLanguage":"fr-FR"},{"@type":"Person","@id":"https:\/\/www.arcapower.com\/#\/schema\/person\/7f87e934a68ac824f21011f3f34beb75","name":"Arca Power"}]}},"_links":{"self":[{"href":"https:\/\/www.arcapower.com\/fr\/wp-json\/wp\/v2\/posts\/455"}],"collection":[{"href":"https:\/\/www.arcapower.com\/fr\/wp-json\/wp\/v2\/posts"}],"about":[{"href":"https:\/\/www.arcapower.com\/fr\/wp-json\/wp\/v2\/types\/post"}],"author":[{"embeddable":true,"href":"https:\/\/www.arcapower.com\/fr\/wp-json\/wp\/v2\/users\/6"}],"replies":[{"embeddable":true,"href":"https:\/\/www.arcapower.com\/fr\/wp-json\/wp\/v2\/comments?post=455"}],"version-history":[{"count":1,"href":"https:\/\/www.arcapower.com\/fr\/wp-json\/wp\/v2\/posts\/455\/revisions"}],"predecessor-version":[{"id":460,"href":"https:\/\/www.arcapower.com\/fr\/wp-json\/wp\/v2\/posts\/455\/revisions\/460"}],"wp:featuredmedia":[{"embeddable":true,"href":"https:\/\/www.arcapower.com\/fr\/wp-json\/wp\/v2\/media\/409"}],"wp:attachment":[{"href":"https:\/\/www.arcapower.com\/fr\/wp-json\/wp\/v2\/media?parent=455"}],"wp:term":[{"taxonomy":"category","embeddable":true,"href":"https:\/\/www.arcapower.com\/fr\/wp-json\/wp\/v2\/categories?post=455"},{"taxonomy":"post_tag","embeddable":true,"href":"https:\/\/www.arcapower.com\/fr\/wp-json\/wp\/v2\/tags?post=455"}],"curies":[{"name":"wp","href":"https:\/\/api.w.org\/{rel}","templated":true}]}}